{"id":703,"date":"2024-09-10T07:05:47","date_gmt":"2024-09-10T05:05:47","guid":{"rendered":"https:\/\/bco-integrity.pl\/aktualnosci\/?p=703"},"modified":"2024-09-10T07:05:47","modified_gmt":"2024-09-10T05:05:47","slug":"zarzadzanie-danymi-osobowymi-w-kontekscie-ustawy-aml","status":"publish","type":"post","link":"https:\/\/bco-integrity.pl\/aktualnosci\/zarzadzanie-danymi-osobowymi-w-kontekscie-ustawy-aml\/","title":{"rendered":"Zarz\u0105dzanie danymi osobowymi w kontek\u015bcie ustawy AML"},"content":{"rendered":"<p><img loading=\"lazy\" decoding=\"async\" class=\"size-medium wp-image-706 alignleft\" src=\"https:\/\/bco-integrity.pl\/aktualnosci\/wp-content\/uploads\/2024\/09\/NewBOX-300x300.png\" alt=\"zarz\u0105dzanie danymi osobowymi\" width=\"300\" height=\"300\" srcset=\"https:\/\/bco-integrity.pl\/aktualnosci\/wp-content\/uploads\/2024\/09\/NewBOX-300x300.png 300w, https:\/\/bco-integrity.pl\/aktualnosci\/wp-content\/uploads\/2024\/09\/NewBOX-150x150.png 150w, https:\/\/bco-integrity.pl\/aktualnosci\/wp-content\/uploads\/2024\/09\/NewBOX-768x768.png 768w, https:\/\/bco-integrity.pl\/aktualnosci\/wp-content\/uploads\/2024\/09\/NewBOX.png 1024w\" sizes=\"auto, (max-width: 300px) 100vw, 300px\" \/>Zarz\u0105dzanie danymi osobowymi jest kluczowym elementem funkcjonowania ka\u017cdej organizacji, kt\u00f3ra dzia\u0142a zgodnie z przepisami prawa. Szczeg\u00f3lnie istotne jest to w kontek\u015bcie ustawy o przeciwdzia\u0142aniu praniu pieni\u0119dzy oraz finansowaniu terroryzmu (AML), kt\u00f3ra nak\u0142ada na instytucje obowi\u0105zek zbierania i przetwarzania danych osobowych w celu identyfikacji klient\u00f3w oraz monitorowania ich dzia\u0142alno\u015bci. W artykule wyja\u015bniamy, jakie s\u0105 kluczowe zasady zarz\u0105dzania danymi osobowymi w ramach AML oraz jak te zasady odnosz\u0105 si\u0119 do przepis\u00f3w Og\u00f3lnego rozporz\u0105dzenia o ochronie danych (RODO).<\/p>\r\n<p><strong>Co to jest ustawa AML?<\/strong><\/p>\r\n<p>AML, czyli <em>Anti-Money Laundering<\/em>, to przepisy maj\u0105ce na celu przeciwdzia\u0142anie praniu pieni\u0119dzy oraz finansowaniu terroryzmu. W Polsce przepisy te s\u0105 regulowane przez ustaw\u0119 o przeciwdzia\u0142aniu praniu pieni\u0119dzy oraz finansowaniu terroryzmu (Ustawa AML) z dnia 1 marca 2018 roku. Ustawa ta nak\u0142ada na instytucje finansowe, jak i inne wskazane w niej podmioty (\u201cinstytucje obowi\u0105zane\u201d) m.in. obowi\u0105zek stosowania \u015brodk\u00f3w bezpiecze\u0144stwa finansowego, kt\u00f3re obejmuj\u0105 identyfikacj\u0119 klienta, ocen\u0119 ryzyka oraz monitorowanie transakcji.<\/p>\r\n<p><strong>RODO, a AML &#8211; podstawowe regulacje<\/strong><\/p>\r\n<p>RODO to akt prawny reguluj\u0105cy ochron\u0119 danych osobowych w pa\u0144stwach cz\u0142onkowskich Unii Europejskiej. W zwi\u0105zku z tym, firmy musz\u0105 zapewni\u0107 zgodno\u015b\u0107 swoich dzia\u0142a\u0144 z RODO, r\u00f3wnie\u017c w kontek\u015bcie przetwarzania danych osobowych w ramach procedur AML. To z kolei wymaga, aby przepisy ustawy AML, kt\u00f3re wymagaj\u0105 gromadzenia danych osobowych by\u0142y stosowane z uwzgl\u0119dnieniem og\u00f3lnych zasad wynikaj\u0105cych z RODO, w tym zasady ograniczenia celu czy minimalizacji danych.<\/p>\r\n<p><strong>Jakie dane mog\u0105 by\u0107 przetwarzane w ramach realizacji obowi\u0105zk\u00f3w wynikaj\u0105cych z ustawy AML?<\/strong><\/p>\r\n<p>Zgodnie z ustaw\u0105 AML, instytucje obowi\u0105zane stosuj\u0105 \u015brodki bezpiecze\u0144stwa finansowego, kt\u00f3re wymagaj\u0105 gromadzenia i przetwarzania szerokiego zakresu danych osobowych klient\u00f3w. S\u0105 to m.in.:<\/p>\r\n<ul>\r\n\t<li><strong>Dane identyfikacyjne<\/strong>: imi\u0119, nazwisko, numer PESEL lub data oraz pa\u0144stwo urodzenia, obywatelstwo, seria i numer dokumentu to\u017csamo\u015bci, adres zamieszkania.<\/li>\r\n\t<li><strong>Informacje o transakcjach<\/strong>: Kwota, rodzaj oraz cel transakcji, a tak\u017ce \u017ar\u00f3d\u0142o pochodzenia \u015brodk\u00f3w.<\/li>\r\n\t<li><strong>Dane dotycz\u0105ce statusu klienta, np.<\/strong>:\u00a0 status osoby eksponowanej politycznie (PEP).<\/li>\r\n<\/ul>\r\n<p>Przetwarzanie tych danych jest wymagane m.in. w celu identyfikacji oraz weryfikacji klienta \u2013 zar\u00f3wno na etapie nawi\u0105zywania wsp\u00f3\u0142pracy, jak i w czasie jej trwania, w tym przeprowadzenia analizy ryzyka klienta i dokonywanych przez niego transakcji z perspektywy prania pieni\u0119dzy lub finansowania terroryzmu.<\/p>\r\n<p><strong>Zgodno\u015b\u0107 z RODO<\/strong><\/p>\r\n<p>Chocia\u017c <a href=\"https:\/\/bco-integrity.pl\/aktualnosci\/kilka-slow-o-aml\/\">AML<\/a> nak\u0142ada na podmioty obowi\u0105zek przetwarzania szerokiego zakresu danych osobowych, musz\u0105 one, jak ju\u017c wspomniano, spe\u0142nia\u0107 jednocze\u015bnie wymogi RODO. Kluczowe artyku\u0142y RODO, kt\u00f3re nale\u017cy odnie\u015b\u0107 do przetwarzania danych w kontek\u015bcie AML, to:<\/p>\r\n<ul>\r\n\t<li><strong>Artyku\u0142 5 RODO<\/strong>: Zasady dotycz\u0105ce przetwarzania danych. Przepisy RODO wymagaj\u0105, aby dane osobowe by\u0142y przetwarzane m.in. zgodnie z zasad\u0105 minimalizacji (art. 5 ust. 1 lit. c), co oznacza, \u017ce instytucje powinny przetwarza\u0107 jedynie te dane, kt\u00f3re s\u0105 adekwatne do spe\u0142nienia obowi\u0105zk\u00f3w wynikaj\u0105cych z AML.<\/li>\r\n\t<li><strong>Artyku\u0142 6 RODO<\/strong>: Okre\u015bla podstawy prawne przetwarzania danych osobowych. W kontek\u015bcie AML, przetwarzanie danych jest odbywa si\u0119 w zwi\u0105zku z realizacj\u0105 obowi\u0105zku prawnego (art. 6 ust. 1 lit. c RODO) w zwi\u0105zku z przepisami ustawy AML.<\/li>\r\n\t<li><strong>Artyku\u0142 13 i 14 RODO<\/strong>: Obowi\u0105zek informacyjny. Przed przyst\u0105pieniem do przetwarzania danych, instytucje musz\u0105 poinformowa\u0107 klient\u00f3w o celach przetwarzania oraz ich prawach. Wynika to wprost z art. 34 ust. 5 ustawy AML, co oznacza, \u017ce przed nawi\u0105zaniem stosunku gospodarczego lub przeprowadzeniem transakcji okazjonalnej nale\u017cy spe\u0142ni\u0107 obowi\u0105zek informacyjny wobec klienta, ale r\u00f3wnie\u017c wobec jego przedstawiciela i beneficjenta rzeczywistego.<\/li>\r\n<\/ul>\r\n<p><strong>Prawa os\u00f3b, kt\u00f3rych dane s\u0105 przetwarzane<\/strong><\/p>\r\n<p>RODO przyznaje osobom, kt\u00f3rych dane s\u0105 przetwarzane, szereg praw, kt\u00f3re musz\u0105 by\u0107 respektowane r\u00f3wnie\u017c w kontek\u015bcie AML, a w szczeg\u00f3lno\u015bci <strong>prawo do dost\u0119pu. <\/strong>Przewiduje ono, \u017ce klient ma prawo \u017c\u0105da\u0107 od administratora informacji o tym, jakie jego dane osobowe s\u0105 przetwarzane, a tak\u017ce udzielenia mu informacji m.in. w zakresie celu ich przetwarzania i okresu przechowywania.<\/p>\r\n<p><strong>Obowi\u0105zek przechowywania danych<\/strong><\/p>\r\n<p>Ustawa AML narzuca tak\u017ce obowi\u0105zek przechowywania danych przez okre\u015blony czas. Zgodnie z art. 49 ustawy AML, dane musz\u0105 by\u0107 przechowywane przez okres , co do zasady, 5 lat od zako\u0144czenia relacji z klientem lub przeprowadzenia transakcji okazjonalnej.<\/p>\r\n<p><strong>Jakie s\u0105 konsekwencje narusze\u0144?<\/strong><\/p>\r\n<p>Naruszenie przepis\u00f3w dotycz\u0105cych zar\u00f3wno AML, jak i RODO, mo\u017ce skutkowa\u0107 powa\u017cnymi sankcjami, co wymaga uwzgl\u0119dnienia w dzia\u0142alno\u015bci instytucji obowi\u0105zanych wymog\u00f3w obu ww. akt\u00f3w. Podmioty, kt\u00f3re nie b\u0119d\u0105 przestrzega\u0142y zasad przetwarzania danych nara\u017caj\u0105 si\u0119 na szereg sankcji wynikaj\u0105cych z RODO, kt\u00f3re na\u0142o\u017cone mog\u0105 zosta\u0107 przez Prezesa UODO. W\u015br\u00f3d nich najdalej id\u0105ca jest oczywi\u015bcie administracyjna kara pieni\u0119\u017cna. Nie inaczej sprawa wygl\u0105da w przypadku naruszenia przepis\u00f3w AML, np. na skutek nieodpowiedniej identyfikacji lub weryfikacji klienta. W tym przypadku instytucja obowi\u0105zana r\u00f3wnie\u017c musi si\u0119 liczy\u0107 z wysokimi sankcjami administracyjnymi, z tym, \u017ce mog\u0105 one zosta\u0107 zastosowane \u2013 w zale\u017cno\u015bci od okoliczno\u015bci \u2013 przez Generalnego Inspektora Informacji Finansowej, Prezesa Narodowego Banku Polskiego lub Komisj\u0119 Nadzoru Finansowego.<\/p>\r\n<p><strong>Jak zapewni\u0107 zgodno\u015b\u0107 z RODO i AML?<\/strong><\/p>\r\n<p>Przede wszystkim nale\u017cy pami\u0119ta\u0107, \u017ce RODO i AML wymagaj\u0105 wsp\u00f3\u0142stosowania. Ka\u017cdy z tych akt\u00f3w ma inny cel, a rol\u0105 instytucji obowi\u0105zanej \u2013 administratora danych, jest takie zaprojektowanie proces\u00f3w przetwarzania, aby spe\u0142nia\u0107 wymogi nak\u0142adane przez ka\u017cdy z nich. Aby to zrobi\u0107, nale\u017cy przede wszystkim:<\/p>\r\n<ol>\r\n\t<li><strong>Przeprowadza\u0107 ocen\u0119 ryzyka<\/strong>: Instytucje musz\u0105 regularnie przeprowadza\u0107 ocen\u0119 ryzyka zwi\u0105zan\u0105 z przetwarzaniem danych osobowych. Warto przeanalizowa\u0107, jakie dane s\u0105 rzeczywi\u015bcie niezb\u0119dne do spe\u0142nienia obowi\u0105zk\u00f3w wynikaj\u0105cych z AML. Taka analiza powinna by\u0107 te\u017c przeprowadzana na bie\u017c\u0105co i uwzgl\u0119dnia\u0107 zmieniaj\u0105ce si\u0119 okoliczno\u015bci.<\/li>\r\n\t<li><strong>Przestrzega\u0107 zasady minimalizacji danych<\/strong>: Nale\u017cy zbiera\u0107 tylko te dane, kt\u00f3re s\u0105 niezb\u0119dne do przeprowadzenia oceny klienta w ramach AML.<\/li>\r\n\t<li><strong>Stosowa\u0107 odpowiednie \u015brodki techniczne i organizacyjne<\/strong>: Zabezpieczenie danych osobowych poprzez wdro\u017cenie odpowiednich \u015brodk\u00f3w technicznych i organizacyjnych, adekwatnych do zagro\u017ce\u0144 zidentyfikowanych na etapie oceny ryzyka. \u00a0Warto pami\u0119ta\u0107, \u017ce <a href=\"https:\/\/inspektorzyodo.pl\/\">ochrona danych osobowych<\/a> powinna by\u0107 uwzgl\u0119dniona r\u00f3wnie\u017c w procedurach wdra\u017caj\u0105cych AML w organizacji.<\/li>\r\n\t<li><strong>Szkoli\u0107 pracownik\u00f3w<\/strong>: Personel powinien by\u0107 \u015bwiadomy obowi\u0105zk\u00f3w wynikaj\u0105cych z RODO oraz AML i regularnie szkolony w zakresie ochrony danych.<\/li>\r\n<\/ol>\r\n<p><strong>Podsumowanie<\/strong><\/p>\r\n<p>Zarz\u0105dzanie danymi osobowymi w kontek\u015bcie ustawy AML wymaga precyzyjnego zr\u00f3wnowa\u017cenia mi\u0119dzy wymogami wynikaj\u0105cymi z przepis\u00f3w prawa a ochron\u0105 prywatno\u015bci i danych osobowych klient\u00f3w, kt\u00f3r\u0105 zapewnia RODO. Instytucje musz\u0105 zbiera\u0107 i przetwarza\u0107 dane w spos\u00f3b zgodny z wymogami AML, jednocze\u015bnie przestrzegaj\u0105c zasad ochrony danych osobowych. Przestrzeganie zar\u00f3wno ustawy AML, jak i RODO jest kluczowe dla unikania sankcji prawnych i finansowych oraz budowania zaufania klient\u00f3w.<\/p>\r\n<p>Na koniec wypada podkre\u015bli\u0107, \u017ce niniejszy artyku\u0142 ma charakter wprowadzaj\u0105cy do tematyki przetwarzania danych osobowych w zwi\u0105zku z przeciwdzia\u0142aniem praniu pieni\u0119dzy i finansowaniem terroryzmu.<\/p>\r\n<p>Autor: Sylwia Ostrowska<\/p>","protected":false},"excerpt":{"rendered":"Zarz\u0105dzanie danymi osobowymi jest kluczowym elementem funkcjonowania ka\u017cdej organizacji, kt\u00f3ra dzia\u0142a zgodnie z przepisami prawa. Szczeg\u00f3lnie istotne jest to w kontek\u015bcie ustawy o przeciwdzia\u0142aniu praniu pieni\u0119dzy oraz finansowaniu terroryzmu (AML), kt\u00f3ra nak\u0142ada na instytucje obowi\u0105zek zbierania i przetwarzania danych osobowych w celu identyfikacji klient\u00f3w oraz monitorowania ich dzia\u0142alno\u015bci. W artykule wyja\u015bniamy, jakie s\u0105 kluczowe zasady &#8230; <a title=\"Zarz\u0105dzanie danymi osobowymi w kontek\u015bcie ustawy AML\" class=\"read-more\" href=\"https:\/\/bco-integrity.pl\/aktualnosci\/zarzadzanie-danymi-osobowymi-w-kontekscie-ustawy-aml\/\" aria-label=\"More on Zarz\u0105dzanie danymi osobowymi w kontek\u015bcie ustawy AML\">Czytaj dalej<\/a>","protected":false},"author":1,"featured_media":0,"comment_status":"closed","ping_status":"closed","sticky":false,"template":"","format":"standard","meta":{"footnotes":""},"categories":[1],"tags":[37,19,88],"class_list":["post-703","post","type-post","status-publish","format-standard","hentry","category-bez-kategorii","tag-aml","tag-rodo","tag-zarzadzanie-danymi"],"yoast_head":"<!-- This site is optimized with the Yoast SEO Premium plugin v19.2.1 (Yoast SEO v20.5) - https:\/\/yoast.com\/wordpress\/plugins\/seo\/ -->\n<title>Zarz\u0105dzanie danymi osobowymi w kontek\u015bcie ustawy AML<\/title>\n<meta name=\"description\" content=\"Zarz\u0105dzanie danymi osobowymi w ramach ustawy AML wymaga ich bezpiecznego przetwarzania i przechowywania zgodnie z RODO.\" \/>\n<meta name=\"robots\" content=\"index, follow, max-snippet:-1, max-image-preview:large, max-video-preview:-1\" \/>\n<link rel=\"canonical\" href=\"https:\/\/bco-integrity.pl\/aktualnosci\/zarzadzanie-danymi-osobowymi-w-kontekscie-ustawy-aml\/\" \/>\n<meta property=\"og:locale\" content=\"pl_PL\" \/>\n<meta property=\"og:type\" content=\"article\" \/>\n<meta property=\"og:title\" content=\"Zarz\u0105dzanie danymi osobowymi w kontek\u015bcie ustawy AML\" \/>\n<meta property=\"og:description\" content=\"Zarz\u0105dzanie danymi osobowymi w ramach ustawy AML wymaga ich bezpiecznego przetwarzania i przechowywania zgodnie z RODO.\" \/>\n<meta property=\"og:url\" content=\"https:\/\/bco-integrity.pl\/aktualnosci\/zarzadzanie-danymi-osobowymi-w-kontekscie-ustawy-aml\/\" \/>\n<meta property=\"og:site_name\" content=\"BCO Poland | Aktualno\u015bci\" \/>\n<meta property=\"article:publisher\" content=\"https:\/\/www.facebook.com\/bcopoland\" \/>\n<meta property=\"article:published_time\" content=\"2024-09-10T05:05:47+00:00\" \/>\n<meta property=\"og:image\" content=\"https:\/\/bco-integrity.pl\/aktualnosci\/wp-content\/uploads\/2024\/09\/NewBOX.png\" \/>\n\t<meta property=\"og:image:width\" content=\"1024\" \/>\n\t<meta property=\"og:image:height\" content=\"1024\" \/>\n\t<meta property=\"og:image:type\" content=\"image\/png\" \/>\n<meta name=\"author\" content=\"Zesp\u00f3\u0142 BCO\" \/>\n<meta name=\"twitter:card\" content=\"summary_large_image\" \/>\n<meta name=\"twitter:label1\" content=\"Napisane przez\" \/>\n\t<meta name=\"twitter:data1\" content=\"Zesp\u00f3\u0142 BCO\" \/>\n\t<meta name=\"twitter:label2\" content=\"Szacowany czas czytania\" \/>\n\t<meta name=\"twitter:data2\" content=\"7 minut\" \/>\n<script type=\"application\/ld+json\" class=\"yoast-schema-graph\">{\"@context\":\"https:\/\/schema.org\",\"@graph\":[{\"@type\":\"Article\",\"@id\":\"https:\/\/bco-integrity.pl\/aktualnosci\/zarzadzanie-danymi-osobowymi-w-kontekscie-ustawy-aml\/#article\",\"isPartOf\":{\"@id\":\"https:\/\/bco-integrity.pl\/aktualnosci\/zarzadzanie-danymi-osobowymi-w-kontekscie-ustawy-aml\/\"},\"author\":{\"name\":\"Zesp\u00f3\u0142 BCO\",\"@id\":\"https:\/\/bco-integrity.pl\/aktualnosci\/#\/schema\/person\/5a033a3cc3c7a9bd7fe04c452534e175\"},\"headline\":\"Zarz\u0105dzanie danymi osobowymi w kontek\u015bcie ustawy AML\",\"datePublished\":\"2024-09-10T05:05:47+00:00\",\"dateModified\":\"2024-09-10T05:05:47+00:00\",\"mainEntityOfPage\":{\"@id\":\"https:\/\/bco-integrity.pl\/aktualnosci\/zarzadzanie-danymi-osobowymi-w-kontekscie-ustawy-aml\/\"},\"wordCount\":1174,\"publisher\":{\"@id\":\"https:\/\/bco-integrity.pl\/aktualnosci\/#organization\"},\"keywords\":[\"AML\",\"RODO\",\"zarz\u0105dzanie danymi\"],\"inLanguage\":\"pl-PL\"},{\"@type\":\"WebPage\",\"@id\":\"https:\/\/bco-integrity.pl\/aktualnosci\/zarzadzanie-danymi-osobowymi-w-kontekscie-ustawy-aml\/\",\"url\":\"https:\/\/bco-integrity.pl\/aktualnosci\/zarzadzanie-danymi-osobowymi-w-kontekscie-ustawy-aml\/\",\"name\":\"Zarz\u0105dzanie danymi osobowymi w kontek\u015bcie ustawy AML\",\"isPartOf\":{\"@id\":\"https:\/\/bco-integrity.pl\/aktualnosci\/#website\"},\"datePublished\":\"2024-09-10T05:05:47+00:00\",\"dateModified\":\"2024-09-10T05:05:47+00:00\",\"description\":\"Zarz\u0105dzanie danymi osobowymi w ramach ustawy AML wymaga ich bezpiecznego przetwarzania i przechowywania zgodnie z RODO.\",\"breadcrumb\":{\"@id\":\"https:\/\/bco-integrity.pl\/aktualnosci\/zarzadzanie-danymi-osobowymi-w-kontekscie-ustawy-aml\/#breadcrumb\"},\"inLanguage\":\"pl-PL\",\"potentialAction\":[{\"@type\":\"ReadAction\",\"target\":[\"https:\/\/bco-integrity.pl\/aktualnosci\/zarzadzanie-danymi-osobowymi-w-kontekscie-ustawy-aml\/\"]}]},{\"@type\":\"BreadcrumbList\",\"@id\":\"https:\/\/bco-integrity.pl\/aktualnosci\/zarzadzanie-danymi-osobowymi-w-kontekscie-ustawy-aml\/#breadcrumb\",\"itemListElement\":[{\"@type\":\"ListItem\",\"position\":1,\"name\":\"Strona g\u0142\u00f3wna\",\"item\":\"https:\/\/bco-integrity.pl\/aktualnosci\/\"},{\"@type\":\"ListItem\",\"position\":2,\"name\":\"Zarz\u0105dzanie danymi osobowymi w kontek\u015bcie ustawy AML\"}]},{\"@type\":\"WebSite\",\"@id\":\"https:\/\/bco-integrity.pl\/aktualnosci\/#website\",\"url\":\"https:\/\/bco-integrity.pl\/aktualnosci\/\",\"name\":\"BCO Poland | Aktualno\u015bci\",\"description\":\"Witamy w naszej bazie wiedzy i aktualno\u015bci. Znajdziecie tu najnowsze informacje o firmie, wiadomo\u015bci i materia\u0142y biznesowe.\",\"publisher\":{\"@id\":\"https:\/\/bco-integrity.pl\/aktualnosci\/#organization\"},\"potentialAction\":[{\"@type\":\"SearchAction\",\"target\":{\"@type\":\"EntryPoint\",\"urlTemplate\":\"https:\/\/bco-integrity.pl\/aktualnosci\/?s={search_term_string}\"},\"query-input\":\"required name=search_term_string\"}],\"inLanguage\":\"pl-PL\"},{\"@type\":\"Organization\",\"@id\":\"https:\/\/bco-integrity.pl\/aktualnosci\/#organization\",\"name\":\"BCO Poland\",\"url\":\"https:\/\/bco-integrity.pl\/aktualnosci\/\",\"logo\":{\"@type\":\"ImageObject\",\"inLanguage\":\"pl-PL\",\"@id\":\"https:\/\/bco-integrity.pl\/aktualnosci\/#\/schema\/logo\/image\/\",\"url\":\"https:\/\/bco-integrity.pl\/aktualnosci\/wp-content\/uploads\/2022\/08\/cropped-favicon_org.jpeg\",\"contentUrl\":\"https:\/\/bco-integrity.pl\/aktualnosci\/wp-content\/uploads\/2022\/08\/cropped-favicon_org.jpeg\",\"width\":80,\"height\":80,\"caption\":\"BCO Poland\"},\"image\":{\"@id\":\"https:\/\/bco-integrity.pl\/aktualnosci\/#\/schema\/logo\/image\/\"},\"sameAs\":[\"https:\/\/www.facebook.com\/bcopoland\",\"https:\/\/www.linkedin.com\/company\/bco-poland\"]},{\"@type\":\"Person\",\"@id\":\"https:\/\/bco-integrity.pl\/aktualnosci\/#\/schema\/person\/5a033a3cc3c7a9bd7fe04c452534e175\",\"name\":\"Zesp\u00f3\u0142 BCO\",\"image\":{\"@type\":\"ImageObject\",\"inLanguage\":\"pl-PL\",\"@id\":\"https:\/\/bco-integrity.pl\/aktualnosci\/#\/schema\/person\/image\/\",\"url\":\"https:\/\/secure.gravatar.com\/avatar\/8ce13c7561d7db6ba84c8e89275fc38059ae1c7e85c1803d45d76271fb4d7d3a?s=96&d=mm&r=g\",\"contentUrl\":\"https:\/\/secure.gravatar.com\/avatar\/8ce13c7561d7db6ba84c8e89275fc38059ae1c7e85c1803d45d76271fb4d7d3a?s=96&d=mm&r=g\",\"caption\":\"Zesp\u00f3\u0142 BCO\"},\"sameAs\":[\"https:\/\/bco-integrity.pl\/aktualnosci\"],\"url\":\"https:\/\/bco-integrity.pl\/aktualnosci\/author\/bco_admin\/\"}]}<\/script>\n<!-- \/ Yoast SEO Premium plugin. -->","yoast_head_json":{"title":"Zarz\u0105dzanie danymi osobowymi w kontek\u015bcie ustawy AML","description":"Zarz\u0105dzanie danymi osobowymi w ramach ustawy AML wymaga ich bezpiecznego przetwarzania i przechowywania zgodnie z RODO.","robots":{"index":"index","follow":"follow","max-snippet":"max-snippet:-1","max-image-preview":"max-image-preview:large","max-video-preview":"max-video-preview:-1"},"canonical":"https:\/\/bco-integrity.pl\/aktualnosci\/zarzadzanie-danymi-osobowymi-w-kontekscie-ustawy-aml\/","og_locale":"pl_PL","og_type":"article","og_title":"Zarz\u0105dzanie danymi osobowymi w kontek\u015bcie ustawy AML","og_description":"Zarz\u0105dzanie danymi osobowymi w ramach ustawy AML wymaga ich bezpiecznego przetwarzania i przechowywania zgodnie z RODO.","og_url":"https:\/\/bco-integrity.pl\/aktualnosci\/zarzadzanie-danymi-osobowymi-w-kontekscie-ustawy-aml\/","og_site_name":"BCO Poland | Aktualno\u015bci","article_publisher":"https:\/\/www.facebook.com\/bcopoland","article_published_time":"2024-09-10T05:05:47+00:00","og_image":[{"width":1024,"height":1024,"url":"https:\/\/bco-integrity.pl\/aktualnosci\/wp-content\/uploads\/2024\/09\/NewBOX.png","type":"image\/png"}],"author":"Zesp\u00f3\u0142 BCO","twitter_card":"summary_large_image","twitter_misc":{"Napisane przez":"Zesp\u00f3\u0142 BCO","Szacowany czas czytania":"7 minut"},"schema":{"@context":"https:\/\/schema.org","@graph":[{"@type":"Article","@id":"https:\/\/bco-integrity.pl\/aktualnosci\/zarzadzanie-danymi-osobowymi-w-kontekscie-ustawy-aml\/#article","isPartOf":{"@id":"https:\/\/bco-integrity.pl\/aktualnosci\/zarzadzanie-danymi-osobowymi-w-kontekscie-ustawy-aml\/"},"author":{"name":"Zesp\u00f3\u0142 BCO","@id":"https:\/\/bco-integrity.pl\/aktualnosci\/#\/schema\/person\/5a033a3cc3c7a9bd7fe04c452534e175"},"headline":"Zarz\u0105dzanie danymi osobowymi w kontek\u015bcie ustawy AML","datePublished":"2024-09-10T05:05:47+00:00","dateModified":"2024-09-10T05:05:47+00:00","mainEntityOfPage":{"@id":"https:\/\/bco-integrity.pl\/aktualnosci\/zarzadzanie-danymi-osobowymi-w-kontekscie-ustawy-aml\/"},"wordCount":1174,"publisher":{"@id":"https:\/\/bco-integrity.pl\/aktualnosci\/#organization"},"keywords":["AML","RODO","zarz\u0105dzanie danymi"],"inLanguage":"pl-PL"},{"@type":"WebPage","@id":"https:\/\/bco-integrity.pl\/aktualnosci\/zarzadzanie-danymi-osobowymi-w-kontekscie-ustawy-aml\/","url":"https:\/\/bco-integrity.pl\/aktualnosci\/zarzadzanie-danymi-osobowymi-w-kontekscie-ustawy-aml\/","name":"Zarz\u0105dzanie danymi osobowymi w kontek\u015bcie ustawy AML","isPartOf":{"@id":"https:\/\/bco-integrity.pl\/aktualnosci\/#website"},"datePublished":"2024-09-10T05:05:47+00:00","dateModified":"2024-09-10T05:05:47+00:00","description":"Zarz\u0105dzanie danymi osobowymi w ramach ustawy AML wymaga ich bezpiecznego przetwarzania i przechowywania zgodnie z RODO.","breadcrumb":{"@id":"https:\/\/bco-integrity.pl\/aktualnosci\/zarzadzanie-danymi-osobowymi-w-kontekscie-ustawy-aml\/#breadcrumb"},"inLanguage":"pl-PL","potentialAction":[{"@type":"ReadAction","target":["https:\/\/bco-integrity.pl\/aktualnosci\/zarzadzanie-danymi-osobowymi-w-kontekscie-ustawy-aml\/"]}]},{"@type":"BreadcrumbList","@id":"https:\/\/bco-integrity.pl\/aktualnosci\/zarzadzanie-danymi-osobowymi-w-kontekscie-ustawy-aml\/#breadcrumb","itemListElement":[{"@type":"ListItem","position":1,"name":"Strona g\u0142\u00f3wna","item":"https:\/\/bco-integrity.pl\/aktualnosci\/"},{"@type":"ListItem","position":2,"name":"Zarz\u0105dzanie danymi osobowymi w kontek\u015bcie ustawy AML"}]},{"@type":"WebSite","@id":"https:\/\/bco-integrity.pl\/aktualnosci\/#website","url":"https:\/\/bco-integrity.pl\/aktualnosci\/","name":"BCO Poland | Aktualno\u015bci","description":"Witamy w naszej bazie wiedzy i aktualno\u015bci. Znajdziecie tu najnowsze informacje o firmie, wiadomo\u015bci i materia\u0142y biznesowe.","publisher":{"@id":"https:\/\/bco-integrity.pl\/aktualnosci\/#organization"},"potentialAction":[{"@type":"SearchAction","target":{"@type":"EntryPoint","urlTemplate":"https:\/\/bco-integrity.pl\/aktualnosci\/?s={search_term_string}"},"query-input":"required name=search_term_string"}],"inLanguage":"pl-PL"},{"@type":"Organization","@id":"https:\/\/bco-integrity.pl\/aktualnosci\/#organization","name":"BCO Poland","url":"https:\/\/bco-integrity.pl\/aktualnosci\/","logo":{"@type":"ImageObject","inLanguage":"pl-PL","@id":"https:\/\/bco-integrity.pl\/aktualnosci\/#\/schema\/logo\/image\/","url":"https:\/\/bco-integrity.pl\/aktualnosci\/wp-content\/uploads\/2022\/08\/cropped-favicon_org.jpeg","contentUrl":"https:\/\/bco-integrity.pl\/aktualnosci\/wp-content\/uploads\/2022\/08\/cropped-favicon_org.jpeg","width":80,"height":80,"caption":"BCO Poland"},"image":{"@id":"https:\/\/bco-integrity.pl\/aktualnosci\/#\/schema\/logo\/image\/"},"sameAs":["https:\/\/www.facebook.com\/bcopoland","https:\/\/www.linkedin.com\/company\/bco-poland"]},{"@type":"Person","@id":"https:\/\/bco-integrity.pl\/aktualnosci\/#\/schema\/person\/5a033a3cc3c7a9bd7fe04c452534e175","name":"Zesp\u00f3\u0142 BCO","image":{"@type":"ImageObject","inLanguage":"pl-PL","@id":"https:\/\/bco-integrity.pl\/aktualnosci\/#\/schema\/person\/image\/","url":"https:\/\/secure.gravatar.com\/avatar\/8ce13c7561d7db6ba84c8e89275fc38059ae1c7e85c1803d45d76271fb4d7d3a?s=96&d=mm&r=g","contentUrl":"https:\/\/secure.gravatar.com\/avatar\/8ce13c7561d7db6ba84c8e89275fc38059ae1c7e85c1803d45d76271fb4d7d3a?s=96&d=mm&r=g","caption":"Zesp\u00f3\u0142 BCO"},"sameAs":["https:\/\/bco-integrity.pl\/aktualnosci"],"url":"https:\/\/bco-integrity.pl\/aktualnosci\/author\/bco_admin\/"}]}},"_links":{"self":[{"href":"https:\/\/bco-integrity.pl\/aktualnosci\/wp-json\/wp\/v2\/posts\/703","targetHints":{"allow":["GET"]}}],"collection":[{"href":"https:\/\/bco-integrity.pl\/aktualnosci\/wp-json\/wp\/v2\/posts"}],"about":[{"href":"https:\/\/bco-integrity.pl\/aktualnosci\/wp-json\/wp\/v2\/types\/post"}],"author":[{"embeddable":true,"href":"https:\/\/bco-integrity.pl\/aktualnosci\/wp-json\/wp\/v2\/users\/1"}],"replies":[{"embeddable":true,"href":"https:\/\/bco-integrity.pl\/aktualnosci\/wp-json\/wp\/v2\/comments?post=703"}],"version-history":[{"count":2,"href":"https:\/\/bco-integrity.pl\/aktualnosci\/wp-json\/wp\/v2\/posts\/703\/revisions"}],"predecessor-version":[{"id":707,"href":"https:\/\/bco-integrity.pl\/aktualnosci\/wp-json\/wp\/v2\/posts\/703\/revisions\/707"}],"wp:attachment":[{"href":"https:\/\/bco-integrity.pl\/aktualnosci\/wp-json\/wp\/v2\/media?parent=703"}],"wp:term":[{"taxonomy":"category","embeddable":true,"href":"https:\/\/bco-integrity.pl\/aktualnosci\/wp-json\/wp\/v2\/categories?post=703"},{"taxonomy":"post_tag","embeddable":true,"href":"https:\/\/bco-integrity.pl\/aktualnosci\/wp-json\/wp\/v2\/tags?post=703"}],"curies":[{"name":"wp","href":"https:\/\/api.w.org\/{rel}","templated":true}]}}